{"id":1157,"date":"2022-10-11T22:04:41","date_gmt":"2022-10-11T20:04:41","guid":{"rendered":"http:\/\/silberpfeil-pirna.de\/blog\/?p=1157"},"modified":"2022-10-11T22:04:41","modified_gmt":"2022-10-11T20:04:41","slug":"pirnaer-taenzer-auch-bei-deutscher-meisterschaft-erfolgreich","status":"publish","type":"post","link":"https:\/\/silberpfeil-pirna.de\/blog\/?p=1157","title":{"rendered":"Pirnaer T\u00e4nzer auch bei Deutscher Meisterschaft erfolgreich"},"content":{"rendered":"<p style=\"font-weight: 400;\">Wie es so sch\u00f6n hei\u00dft, ist nach dem Turnier vor dem Turnier. So ging es auch den Pirnaer Line Dancern.<\/p>\n<p><img loading=\"lazy\" decoding=\"async\" class=\"alignright size-full wp-image-1161\" src=\"https:\/\/silberpfeil-pirna.de\/blog\/wp-content\/uploads\/2022\/10\/2210DM01.jpg\" alt=\"\" width=\"400\" height=\"300\" srcset=\"https:\/\/silberpfeil-pirna.de\/blog\/wp-content\/uploads\/2022\/10\/2210DM01.jpg 400w, https:\/\/silberpfeil-pirna.de\/blog\/wp-content\/uploads\/2022\/10\/2210DM01-300x225.jpg 300w\" sizes=\"auto, (max-width: 400px) 100vw, 400px\" \/><\/p>\n<p>Ausruhen nach der WM? Pustekuchen. Neue T\u00e4nze in teilweise neuen Leistungsklassen und somit viele neue Herausforderungen standen in den Startl\u00f6chern.<\/p>\n<p style=\"font-weight: 400;\">Nach einer Wettkampfpause von knappen 3 Monaten, die f\u00fcr reichlich Training genutzt werden konnten, ging es am Freitag, 7. Oktober f\u00fcr die Line Dancer des TSC Silberpfeil e.V. Pirna nach Stuttgart zur Deutschen Meisterschaft des Bundesverbandes f\u00fcr Country und Westerntanz. Bereits Freitag Abend starteten die ersten Wettk\u00e4mpfe, wo auch einige Pirnaer schon an den Start mussten.<\/p>\n<p><img loading=\"lazy\" decoding=\"async\" class=\"size-full wp-image-1162 alignleft\" src=\"https:\/\/silberpfeil-pirna.de\/blog\/wp-content\/uploads\/2022\/10\/2210DM05.jpg\" alt=\"\" width=\"400\" height=\"300\" srcset=\"https:\/\/silberpfeil-pirna.de\/blog\/wp-content\/uploads\/2022\/10\/2210DM05.jpg 400w, https:\/\/silberpfeil-pirna.de\/blog\/wp-content\/uploads\/2022\/10\/2210DM05-300x225.jpg 300w\" sizes=\"auto, (max-width: 400px) 100vw, 400px\" \/><\/p>\n<p style=\"font-weight: 400;\">Mit viel Nervosit\u00e4t meisterten sie diese Herausforderung mit Bravour. Der Vorteil \u2013 sie konnten nun das restliche Wochenende genie\u00dfen. F\u00fcr alle anderen hie\u00df es am Samstag zeitig aufstehen und fertig machen, denn bereits 9:30 starteten die N\u00e4chsten. Die (zum Gl\u00fcck) lediglich 4 T\u00e4nze konnten dann auch mal kurzzeitig genossen werden, denn die Stimmung in der Halle war von fr\u00fch an riesig. Die Daheimgebliebenen feuerten sie den Live Stream schauend an.<\/p>\n<p style=\"font-weight: 400;\">Bei der abendlichen Party zum Thema COMIC konnten dann alle erleichtert ihre Erfolge feiern. Am Sonntag musste nur noch einige Starterinen nochmal ran, das restliche Team stand jubelnd am Rand und freute sich mit ihnen \u2013 denn das wichtigste ist, Tanzen macht Spa\u00df!<\/p>\n<p><img loading=\"lazy\" decoding=\"async\" class=\"alignright size-full wp-image-1163\" src=\"https:\/\/silberpfeil-pirna.de\/blog\/wp-content\/uploads\/2022\/10\/2210DM02.jpg\" alt=\"\" width=\"400\" height=\"300\" srcset=\"https:\/\/silberpfeil-pirna.de\/blog\/wp-content\/uploads\/2022\/10\/2210DM02.jpg 400w, https:\/\/silberpfeil-pirna.de\/blog\/wp-content\/uploads\/2022\/10\/2210DM02-300x225.jpg 300w\" sizes=\"auto, (max-width: 400px) 100vw, 400px\" \/><\/p>\n<p style=\"font-weight: 400;\">Am Nachmittag wurden dann die Autos gepackt und die doch l\u00e4ngere Heimreise angetreten. Mit den Pokalen im Gep\u00e4ck kamen alle wieder zufrieden und gl\u00fccklich daheim an.<\/p>\n<p style=\"font-weight: 400;\">An Pause wird jedoch nicht gedacht, denn der heimische Wettkampf, die s\u00e4chsische Meisterschaft vom eigenen Verein ausgerichtet, steht am 26. November in Pirna an. Daf\u00fcr gibt es noch einiges zu tun, um schlussendlich auch dort Erfolge einzustreichen. Der Spa\u00df und die Stimmung werden dabei definitiv nicht zu kurz kommen, denn viele bekannte Gesichter aus Stuttgart wird man in Pirna begr\u00fc\u00dfen d\u00fcrfen.<\/p>\n<p style=\"font-weight: 400;\">\n<p style=\"font-weight: 400;\"><strong>Die einzelnen Platzierungen:<\/strong><\/p>\n<p style=\"font-weight: 400;\"><img loading=\"lazy\" decoding=\"async\" class=\" wp-image-1164 alignnone\" src=\"https:\/\/silberpfeil-pirna.de\/blog\/wp-content\/uploads\/2022\/10\/2210DM04.jpg\" alt=\"\" width=\"373\" height=\"280\" srcset=\"https:\/\/silberpfeil-pirna.de\/blog\/wp-content\/uploads\/2022\/10\/2210DM04.jpg 400w, https:\/\/silberpfeil-pirna.de\/blog\/wp-content\/uploads\/2022\/10\/2210DM04-300x225.jpg 300w\" sizes=\"auto, (max-width: 373px) 100vw, 373px\" \/>\u00a0 \u00a0<img loading=\"lazy\" decoding=\"async\" class=\" wp-image-1165 alignnone\" src=\"https:\/\/silberpfeil-pirna.de\/blog\/wp-content\/uploads\/2022\/10\/2210DM03.jpg\" alt=\"\" width=\"368\" height=\"276\" srcset=\"https:\/\/silberpfeil-pirna.de\/blog\/wp-content\/uploads\/2022\/10\/2210DM03.jpg 400w, https:\/\/silberpfeil-pirna.de\/blog\/wp-content\/uploads\/2022\/10\/2210DM03-300x225.jpg 300w\" sizes=\"auto, (max-width: 368px) 100vw, 368px\" \/><\/p>\n<p style=\"font-weight: 400;\">Petra Leonhardt \u00a0\u00a0\u00a0\u00a0\u00a0\u00a0\u00a0\u00a0\u00a0\u00a0\u00a0\u00a0\u00a0\u00a0\u00a0\u00a0\u00a0 \u2013 2. Platz Newcomer Female Gold<\/p>\n<p style=\"font-weight: 400;\">Margareta Schiller\u00a0\u00a0\u00a0\u00a0\u00a0\u00a0\u00a0\u00a0\u00a0\u00a0\u00a0\u00a0\u00a0\u00a0 \u2013 8. Platz Newcomer Female Silver<\/p>\n<p style=\"font-weight: 400;\">Katrin Wehner\u00a0\u00a0\u00a0\u00a0\u00a0\u00a0\u00a0\u00a0\u00a0\u00a0\u00a0\u00a0\u00a0\u00a0\u00a0\u00a0\u00a0\u00a0\u00a0\u00a0\u00a0 \u2013 11. Platz Newcomer Female Silver<\/p>\n<p style=\"font-weight: 400;\">Ines L\u00f6\u00dfner\u00a0\u00a0\u00a0\u00a0\u00a0\u00a0\u00a0\u00a0\u00a0\u00a0\u00a0\u00a0\u00a0\u00a0\u00a0\u00a0\u00a0\u00a0\u00a0\u00a0\u00a0\u00a0\u00a0\u00a0\u00a0 \u2013 13. Platz Newcomer Female Silver<\/p>\n<p style=\"font-weight: 400;\">Heike Wechler\u00a0\u00a0\u00a0\u00a0\u00a0\u00a0\u00a0\u00a0\u00a0\u00a0\u00a0\u00a0\u00a0\u00a0\u00a0\u00a0\u00a0\u00a0\u00a0\u00a0 \u2013 8. Platz Newcomer Female Silver<\/p>\n<p style=\"font-weight: 400;\">Ulrike Zschoche\u00a0\u00a0\u00a0\u00a0\u00a0\u00a0\u00a0\u00a0\u00a0\u00a0\u00a0\u00a0\u00a0\u00a0\u00a0\u00a0\u00a0\u00a0\u00a0\u2013 Vorrunde<\/p>\n<p style=\"font-weight: 400;\">Silke Ebert\u00a0\u00a0\u00a0\u00a0\u00a0\u00a0\u00a0\u00a0\u00a0\u00a0\u00a0\u00a0\u00a0\u00a0\u00a0\u00a0\u00a0\u00a0\u00a0\u00a0\u00a0\u00a0\u00a0\u00a0\u00a0\u00a0 \u2013 6. Platz Newcomer Female Silver<\/p>\n<p style=\"font-weight: 400;\">Nadine Ludwig-Egermann \u00a0 \u2013 3. Platz Newcomer Female Diamond<\/p>\n<p style=\"font-weight: 400;\">Rosemarie Abraham \u00a0\u00a0\u00a0\u00a0\u00a0\u00a0\u00a0\u00a0\u00a0\u00a0 \u2013 2. Platz Novice Female Platinum<\/p>\n<p style=\"font-weight: 400;\">Yvonne Hoy \u00a0\u00a0\u00a0\u00a0\u00a0\u00a0\u00a0\u00a0\u00a0\u00a0\u00a0\u00a0\u00a0\u00a0\u00a0\u00a0\u00a0\u00a0\u00a0\u00a0\u00a0\u00a0\u00a0 \u2013 9. Platz Novice Female Diamond<\/p>\n<p style=\"font-weight: 400;\">Ren\u00e9 Viehrig \u00a0\u00a0\u00a0\u00a0\u00a0\u00a0\u00a0\u00a0\u00a0\u00a0\u00a0\u00a0\u00a0\u00a0\u00a0\u00a0\u00a0\u00a0\u00a0\u00a0\u00a0\u00a0 \u2013 1. Platz Intermediate Male Silver<\/p>\n<p style=\"font-weight: 400;\">Katrin Naake \u00a0\u00a0\u00a0\u00a0\u00a0\u00a0\u00a0\u00a0\u00a0\u00a0\u00a0\u00a0\u00a0\u00a0\u00a0\u00a0\u00a0\u00a0\u00a0\u00a0\u00a0\u00a0 \u2013 2. Platz Intermediate Female Silver<\/p>\n<p style=\"font-weight: 400;\">Manuela Martin \u00a0\u00a0\u00a0\u00a0\u00a0\u00a0\u00a0\u00a0\u00a0\u00a0\u00a0\u00a0\u00a0\u00a0\u00a0\u00a0\u00a0\u00a0 \u2013 1. Platz Intermediate Female Silver<\/p>\n<p style=\"font-weight: 400;\">L\u00e9onie Sygo \u00a0\u00a0\u00a0\u00a0\u00a0\u00a0\u00a0\u00a0\u00a0\u00a0\u00a0\u00a0\u00a0\u00a0\u00a0\u00a0\u00a0\u00a0\u00a0\u00a0\u00a0\u00a0\u00a0 \u2013 1. Platz Intermediate Female Open<br \/>\n.\u00a0 \u00a0 \u00a0 \u00a0 \u00a0 \u00a0 \u00a0 \u00a0 \u00a0 \u00a0 \u00a0 \u00a0 \u00a0 \u00a0 \u00a0 \u00a0 \u00a0 \u00a0 \u00a0 \u00a0 \u00a0 \u00a0 \u2013 1. Platz Modern Ace Adult<\/p>\n<p style=\"font-weight: 400;\">Ute Hahn \u00a0\u00a0\u00a0\u00a0\u00a0\u00a0\u00a0\u00a0\u00a0\u00a0\u00a0\u00a0\u00a0\u00a0\u00a0\u00a0\u00a0\u00a0\u00a0\u00a0\u00a0\u00a0\u00a0\u00a0\u00a0\u00a0\u00a0\u00a0 \u2013 1. Platz Advanced Female Diamond<\/p>\n","protected":false},"excerpt":{"rendered":"<p>Wie es so sch\u00f6n hei\u00dft, ist nach dem Turnier vor dem Turnier. So ging es auch den Pirnaer Line Dancern. Ausruhen nach der WM? Pustekuchen. Neue T\u00e4nze in teilweise neuen Leistungsklassen und somit viele neue Herausforderungen standen in den Startl\u00f6chern. &hellip; <a href=\"https:\/\/silberpfeil-pirna.de\/blog\/?p=1157\">Weiterlesen <span class=\"meta-nav\">&rarr;<\/span><\/a><\/p>\n","protected":false},"author":1,"featured_media":0,"comment_status":"closed","ping_status":"open","sticky":false,"template":"","format":"standard","meta":{"footnotes":""},"categories":[16,2],"tags":[],"class_list":["post-1157","post","type-post","status-publish","format-standard","hentry","category-wettkampf","category-linedance"],"_links":{"self":[{"href":"https:\/\/silberpfeil-pirna.de\/blog\/index.php?rest_route=\/wp\/v2\/posts\/1157","targetHints":{"allow":["GET"]}}],"collection":[{"href":"https:\/\/silberpfeil-pirna.de\/blog\/index.php?rest_route=\/wp\/v2\/posts"}],"about":[{"href":"https:\/\/silberpfeil-pirna.de\/blog\/index.php?rest_route=\/wp\/v2\/types\/post"}],"author":[{"embeddable":true,"href":"https:\/\/silberpfeil-pirna.de\/blog\/index.php?rest_route=\/wp\/v2\/users\/1"}],"replies":[{"embeddable":true,"href":"https:\/\/silberpfeil-pirna.de\/blog\/index.php?rest_route=%2Fwp%2Fv2%2Fcomments&post=1157"}],"version-history":[{"count":7,"href":"https:\/\/silberpfeil-pirna.de\/blog\/index.php?rest_route=\/wp\/v2\/posts\/1157\/revisions"}],"predecessor-version":[{"id":1169,"href":"https:\/\/silberpfeil-pirna.de\/blog\/index.php?rest_route=\/wp\/v2\/posts\/1157\/revisions\/1169"}],"wp:attachment":[{"href":"https:\/\/silberpfeil-pirna.de\/blog\/index.php?rest_route=%2Fwp%2Fv2%2Fmedia&parent=1157"}],"wp:term":[{"taxonomy":"category","embeddable":true,"href":"https:\/\/silberpfeil-pirna.de\/blog\/index.php?rest_route=%2Fwp%2Fv2%2Fcategories&post=1157"},{"taxonomy":"post_tag","embeddable":true,"href":"https:\/\/silberpfeil-pirna.de\/blog\/index.php?rest_route=%2Fwp%2Fv2%2Ftags&post=1157"}],"curies":[{"name":"wp","href":"https:\/\/api.w.org\/{rel}","templated":true}]}}