{"id":1358,"date":"2023-01-17T15:23:32","date_gmt":"2023-01-17T14:23:32","guid":{"rendered":"https:\/\/silberpfeil-pirna.de\/blog\/?p=1358"},"modified":"2023-02-01T11:50:31","modified_gmt":"2023-02-01T10:50:31","slug":"2023-und-pirna-tanzt-wieder","status":"publish","type":"post","link":"https:\/\/silberpfeil-pirna.de\/blog\/?p=1358","title":{"rendered":"2023&#8230; und Pirna tanzt wieder"},"content":{"rendered":"<p>Am 4. Wochenende im M\u00e4rz ist es endlich wieder soweit. An die langj\u00e4hrige Tradition ankn\u00fcpfend, wird der TSC Silberpfeil am 24. und 25. M\u00e4rz wieder &#8222;Pirna tanzt&#8220; in der Herderhalle ausrichten. Dabei unterst\u00fctzt uns musikalisch in bew\u00e4hrter Art Mario Eichler am Freitag und die Fridtjof-Laubner-Band zum Pokalturnier. Kulinarisch werden die G\u00e4ste von Pirna tanzt an beiden Abenden vom Team der Schlo\u00dfsch\u00e4nke umsorgt. Kartenvorbestellungen sind schon jetzt per Mail \u00fcber den Vorstand m\u00f6glich.<\/p>\n","protected":false},"excerpt":{"rendered":"<p>Am 4. Wochenende im M\u00e4rz ist es endlich wieder soweit. An die langj\u00e4hrige Tradition ankn\u00fcpfend, wird der TSC Silberpfeil am 24. und 25. M\u00e4rz wieder &#8222;Pirna tanzt&#8220; in der Herderhalle ausrichten. Dabei unterst\u00fctzt uns musikalisch in bew\u00e4hrter Art Mario Eichler &hellip; <a href=\"https:\/\/silberpfeil-pirna.de\/blog\/?p=1358\">Weiterlesen <span class=\"meta-nav\">&rarr;<\/span><\/a><\/p>\n","protected":false},"author":1,"featured_media":1359,"comment_status":"closed","ping_status":"open","sticky":false,"template":"","format":"standard","meta":{"footnotes":""},"categories":[7],"tags":[],"class_list":["post-1358","post","type-post","status-publish","format-standard","has-post-thumbnail","hentry","category-verein"],"_links":{"self":[{"href":"https:\/\/silberpfeil-pirna.de\/blog\/index.php?rest_route=\/wp\/v2\/posts\/1358","targetHints":{"allow":["GET"]}}],"collection":[{"href":"https:\/\/silberpfeil-pirna.de\/blog\/index.php?rest_route=\/wp\/v2\/posts"}],"about":[{"href":"https:\/\/silberpfeil-pirna.de\/blog\/index.php?rest_route=\/wp\/v2\/types\/post"}],"author":[{"embeddable":true,"href":"https:\/\/silberpfeil-pirna.de\/blog\/index.php?rest_route=\/wp\/v2\/users\/1"}],"replies":[{"embeddable":true,"href":"https:\/\/silberpfeil-pirna.de\/blog\/index.php?rest_route=%2Fwp%2Fv2%2Fcomments&post=1358"}],"version-history":[{"count":5,"href":"https:\/\/silberpfeil-pirna.de\/blog\/index.php?rest_route=\/wp\/v2\/posts\/1358\/revisions"}],"predecessor-version":[{"id":1365,"href":"https:\/\/silberpfeil-pirna.de\/blog\/index.php?rest_route=\/wp\/v2\/posts\/1358\/revisions\/1365"}],"wp:featuredmedia":[{"embeddable":true,"href":"https:\/\/silberpfeil-pirna.de\/blog\/index.php?rest_route=\/wp\/v2\/media\/1359"}],"wp:attachment":[{"href":"https:\/\/silberpfeil-pirna.de\/blog\/index.php?rest_route=%2Fwp%2Fv2%2Fmedia&parent=1358"}],"wp:term":[{"taxonomy":"category","embeddable":true,"href":"https:\/\/silberpfeil-pirna.de\/blog\/index.php?rest_route=%2Fwp%2Fv2%2Fcategories&post=1358"},{"taxonomy":"post_tag","embeddable":true,"href":"https:\/\/silberpfeil-pirna.de\/blog\/index.php?rest_route=%2Fwp%2Fv2%2Ftags&post=1358"}],"curies":[{"name":"wp","href":"https:\/\/api.w.org\/{rel}","templated":true}]}}