{"id":483,"date":"2019-03-23T14:06:49","date_gmt":"2019-03-23T13:06:49","guid":{"rendered":"http:\/\/silberpfeil-pirna.de\/blog\/?p=483"},"modified":"2019-03-23T14:06:49","modified_gmt":"2019-03-23T13:06:49","slug":"pirna-tanzt-findet-statt","status":"publish","type":"post","link":"https:\/\/silberpfeil-pirna.de\/blog\/?p=483","title":{"rendered":"Pirna Tanzt findet statt &#8230;"},"content":{"rendered":"<p>&#8230; trotz einiger Widrigkeiten, z.B. einer kurzfristig angezeigten Beschr\u00e4nkung der G\u00e4stezahl, findet Pirna Tanzt an diesem Wochenende statt!<\/p>\n<p>Ja manschmal ist man schon \u00fcberrascht, <em>wie<\/em> Vorgaben pl\u00f6tzlich umgesetzt werden und erstaunt welche Konsequenzen sich f\u00fcr die Veranstalter, nicht nur unseren Verein, ergeben.<\/p>\n<p>Trotzdem konnten wir p\u00fcnktlich mit unserem Tanzabend am Freitag Abend beginnen. Frank Hering und Christoph Rosenkranz waren zwei wundervolle Gastgeber und mit der Technik von Mario Eichler und der Lifemusik der Fridjof Laubner Galaband umnrahmten zwei bew\u00e4hrte Partner die Veranstaltung. Bis in die Nacht hinein pr\u00e4sentierte sich der TSC Silbepfeil mit seinem Programm und den tanzenden G\u00e4sten qualmten die Sohlen.<\/p>\n<p>Ein gelungener Abend, der in einer hoffentlich weiterzuf\u00fchrenden Tradition begr\u00fcndet liegt, wird mit dem Ballturnier am 23.03.19 fortgestzt.<\/p>\n<p><a href=\"https:\/\/silberpfeil-pirna.de\/blog\/pt190322\/\" target=\"_blank\" rel=\"noopener\">einige Impessionen in Bildern<\/a><\/p>\n","protected":false},"excerpt":{"rendered":"<p>&#8230; trotz einiger Widrigkeiten, z.B. einer kurzfristig angezeigten Beschr\u00e4nkung der G\u00e4stezahl, findet Pirna Tanzt an diesem Wochenende statt! Ja manschmal ist man schon \u00fcberrascht, wie Vorgaben pl\u00f6tzlich umgesetzt werden und erstaunt welche Konsequenzen sich f\u00fcr die Veranstalter, nicht nur unseren &hellip; <a href=\"https:\/\/silberpfeil-pirna.de\/blog\/?p=483\">Weiterlesen <span class=\"meta-nav\">&rarr;<\/span><\/a><\/p>\n","protected":false},"author":1,"featured_media":484,"comment_status":"open","ping_status":"open","sticky":false,"template":"","format":"standard","meta":{"footnotes":""},"categories":[7],"tags":[9],"class_list":["post-483","post","type-post","status-publish","format-standard","has-post-thumbnail","hentry","category-verein","tag-pirna-tanzt"],"_links":{"self":[{"href":"https:\/\/silberpfeil-pirna.de\/blog\/index.php?rest_route=\/wp\/v2\/posts\/483","targetHints":{"allow":["GET"]}}],"collection":[{"href":"https:\/\/silberpfeil-pirna.de\/blog\/index.php?rest_route=\/wp\/v2\/posts"}],"about":[{"href":"https:\/\/silberpfeil-pirna.de\/blog\/index.php?rest_route=\/wp\/v2\/types\/post"}],"author":[{"embeddable":true,"href":"https:\/\/silberpfeil-pirna.de\/blog\/index.php?rest_route=\/wp\/v2\/users\/1"}],"replies":[{"embeddable":true,"href":"https:\/\/silberpfeil-pirna.de\/blog\/index.php?rest_route=%2Fwp%2Fv2%2Fcomments&post=483"}],"version-history":[{"count":2,"href":"https:\/\/silberpfeil-pirna.de\/blog\/index.php?rest_route=\/wp\/v2\/posts\/483\/revisions"}],"predecessor-version":[{"id":486,"href":"https:\/\/silberpfeil-pirna.de\/blog\/index.php?rest_route=\/wp\/v2\/posts\/483\/revisions\/486"}],"wp:featuredmedia":[{"embeddable":true,"href":"https:\/\/silberpfeil-pirna.de\/blog\/index.php?rest_route=\/wp\/v2\/media\/484"}],"wp:attachment":[{"href":"https:\/\/silberpfeil-pirna.de\/blog\/index.php?rest_route=%2Fwp%2Fv2%2Fmedia&parent=483"}],"wp:term":[{"taxonomy":"category","embeddable":true,"href":"https:\/\/silberpfeil-pirna.de\/blog\/index.php?rest_route=%2Fwp%2Fv2%2Fcategories&post=483"},{"taxonomy":"post_tag","embeddable":true,"href":"https:\/\/silberpfeil-pirna.de\/blog\/index.php?rest_route=%2Fwp%2Fv2%2Ftags&post=483"}],"curies":[{"name":"wp","href":"https:\/\/api.w.org\/{rel}","templated":true}]}}