{"id":523,"date":"2019-03-31T21:07:52","date_gmt":"2019-03-31T19:07:52","guid":{"rendered":"http:\/\/silberpfeil-pirna.de\/blog\/?p=523"},"modified":"2019-04-14T14:20:34","modified_gmt":"2019-04-14T12:20:34","slug":"ersthelfer-im-verein","status":"publish","type":"post","link":"https:\/\/silberpfeil-pirna.de\/blog\/?p=523","title":{"rendered":"Ersthelfer im Verein"},"content":{"rendered":"<p>Am vergangenen Samstag fand im Hanno der Lehrgang f\u00fcr Ersthelfer statt. Die Trainer und der Vorstand erhielten ein gutes R\u00fcstzeug f\u00fcr den nicht gew\u00fcnschten Notfall. Vielen Dank an die Jane Schenk vom DRK, die uns mit vielen Beispielen und \u00dcbungen zeigte, was im Fall der F\u00e4lle zu tun ist. Auch einen besonderen Dank an Jochen und Anke f\u00fcr das Catering.<img loading=\"lazy\" decoding=\"async\" class=\"size-full wp-image-525 aligncenter\" src=\"https:\/\/silberpfeil-pirna.de\/blog\/wp-content\/uploads\/2019\/03\/drk19.jpg\" alt=\"\" width=\"765\" height=\"427\" srcset=\"https:\/\/silberpfeil-pirna.de\/blog\/wp-content\/uploads\/2019\/03\/drk19.jpg 765w, https:\/\/silberpfeil-pirna.de\/blog\/wp-content\/uploads\/2019\/03\/drk19-300x167.jpg 300w\" sizes=\"auto, (max-width: 765px) 100vw, 765px\" \/><\/p>\n<p>Endlich konnte unserem Vorsitzenden mal &#8222;richtig&#8220; geholfen werden!<\/p>\n","protected":false},"excerpt":{"rendered":"<p>Am vergangenen Samstag fand im Hanno der Lehrgang f\u00fcr Ersthelfer statt. Die Trainer und der Vorstand erhielten ein gutes R\u00fcstzeug f\u00fcr den nicht gew\u00fcnschten Notfall. Vielen Dank an die Jane Schenk vom DRK, die uns mit vielen Beispielen und \u00dcbungen &hellip; <a href=\"https:\/\/silberpfeil-pirna.de\/blog\/?p=523\">Weiterlesen <span class=\"meta-nav\">&rarr;<\/span><\/a><\/p>\n","protected":false},"author":1,"featured_media":533,"comment_status":"open","ping_status":"open","sticky":false,"template":"","format":"standard","meta":{"footnotes":""},"categories":[7],"tags":[],"class_list":["post-523","post","type-post","status-publish","format-standard","has-post-thumbnail","hentry","category-verein"],"_links":{"self":[{"href":"https:\/\/silberpfeil-pirna.de\/blog\/index.php?rest_route=\/wp\/v2\/posts\/523","targetHints":{"allow":["GET"]}}],"collection":[{"href":"https:\/\/silberpfeil-pirna.de\/blog\/index.php?rest_route=\/wp\/v2\/posts"}],"about":[{"href":"https:\/\/silberpfeil-pirna.de\/blog\/index.php?rest_route=\/wp\/v2\/types\/post"}],"author":[{"embeddable":true,"href":"https:\/\/silberpfeil-pirna.de\/blog\/index.php?rest_route=\/wp\/v2\/users\/1"}],"replies":[{"embeddable":true,"href":"https:\/\/silberpfeil-pirna.de\/blog\/index.php?rest_route=%2Fwp%2Fv2%2Fcomments&post=523"}],"version-history":[{"count":2,"href":"https:\/\/silberpfeil-pirna.de\/blog\/index.php?rest_route=\/wp\/v2\/posts\/523\/revisions"}],"predecessor-version":[{"id":527,"href":"https:\/\/silberpfeil-pirna.de\/blog\/index.php?rest_route=\/wp\/v2\/posts\/523\/revisions\/527"}],"wp:featuredmedia":[{"embeddable":true,"href":"https:\/\/silberpfeil-pirna.de\/blog\/index.php?rest_route=\/wp\/v2\/media\/533"}],"wp:attachment":[{"href":"https:\/\/silberpfeil-pirna.de\/blog\/index.php?rest_route=%2Fwp%2Fv2%2Fmedia&parent=523"}],"wp:term":[{"taxonomy":"category","embeddable":true,"href":"https:\/\/silberpfeil-pirna.de\/blog\/index.php?rest_route=%2Fwp%2Fv2%2Fcategories&post=523"},{"taxonomy":"post_tag","embeddable":true,"href":"https:\/\/silberpfeil-pirna.de\/blog\/index.php?rest_route=%2Fwp%2Fv2%2Ftags&post=523"}],"curies":[{"name":"wp","href":"https:\/\/api.w.org\/{rel}","templated":true}]}}