{"id":988,"date":"2021-11-07T22:45:36","date_gmt":"2021-11-07T21:45:36","guid":{"rendered":"http:\/\/silberpfeil-pirna.de\/blog\/?p=988"},"modified":"2021-11-08T22:48:11","modified_gmt":"2021-11-08T21:48:11","slug":"2g-und-kontaktbeschraenkungen-auch-im-breitensport","status":"publish","type":"post","link":"https:\/\/silberpfeil-pirna.de\/blog\/?p=988","title":{"rendered":"2G und Kontaktbeschr\u00e4nkungen auch im Breitensport"},"content":{"rendered":"<p>Sportveranstaltungen \u2013 egal, ob drinnen oder drau\u00dfen \u2013 sind private Zusammenk\u00fcnfte. Das bekr\u00e4ftigte noch einmal die s\u00e4chsische Gesundheitsministerin Petra K\u00f6pping am Freitagnachmittag bei einer Pressekonferenz, auf der Inhalte der ab Montag, dem 8. November, in Kraft tretenden neuen Corona-Schutz-Verordnung erl\u00e4utert wurden.<br \/>\nSomit gelten die seit heute aufgrund der erreichten <strong>Vorwarnstufe<\/strong> in Sachsen geltenden <strong>Kontaktbeschr\u00e4nkungen<\/strong> auch f\u00fcr Training und Wettk\u00e4mpfe im Amateur- und Freizeitsport.<\/p>\n<p>Demnach d\u00fcrfen ab heute neben anderen Versch\u00e4rfungen zum Infektionsschutz nur noch <strong>zehn \u2013 ungeimpfte \u2013 Personen<\/strong> zeitgleich an privaten oder \u00f6ffentlichen Zusammenk\u00fcnften teilnehmen.<br \/>\n<strong>Ausgenommen<\/strong> von der Kontaktbeschr\u00e4nkung sind vollst\u00e4ndig Geimpfte (15. Tag nach letzter Impfung), Genesene (mindestens 28 Tage bis maximal sechs Monate nach positivem PCR-Test) und Kinder unter 14 Jahren.<\/p>\n<p>Mehrere Verb\u00e4nde hatten in dieser Woche bezweifelt, dass es sich bei Veranstaltungen im Breitensportbereich um private Zusammenk\u00fcnfte handele. Der Wettkampf- und Trainingsbetrieb solle daher \u201eplanm\u00e4\u00dfig stattfinden\u201c.<\/p>\n<p>K\u00f6pping betonte am Freitag, dass sie dies \u201egerade mit Blick auf Menschen, die sich nicht impfen lassen k\u00f6nnen oder die Menschen, die alt und krank sind\u201c f\u00fcr \u201everantwortungslos\u201c h\u00e4lt. \u201eSo etwas sei nicht zu akzeptieren. Wir tragen hier eine gemeinsame Verantwortung. Wir m\u00fcssen alle mitziehen, sonst sterben viele Menschen.\u201c Das Infektionsgeschehen im Freistaat sei dramatisch, die Situation in den Krankenh\u00e4usern ebenfalls.<\/p>\n<p>Die Gesundheitsministerin verwies darauf, dass es einen Bu\u00dfgeldkatalog gebe. Au\u00dferdem gebe es ab Montag von Polizisten begleitete, neu eingesetzten <strong>Kontrollteams<\/strong> in den Landkreisen und kreisfreien St\u00e4dten. Kontrollen wegen vermeintlicher Verst\u00f6\u00dfe gegen die schon jetzt geltende Kontaktbeschr\u00e4nkung w\u00e4ren durchaus auch schon am Wochenende m\u00f6glich.<\/p>\n<p>In der neuen <strong>Verordnung<\/strong>, die ab Montag<strong> bis einschlie\u00dflich 25. November<\/strong> gelten soll, wurden bereits jetzt m\u00f6gliche Versch\u00e4rfungen der \u00dcberlastungsstufe praktisch vorgezogen auf die Vorwarnstufe. Ab Montag gilt daher <strong>2G bei Veranstaltungen im Innenbereich<\/strong>. Kinder- und Jugendliche unter 16 Jahren werden wie Geimpfte und Genesene nicht mitgez\u00e4hlt.<\/p>\n<p>In diesen Bereichen wird die 2G-Regelung <strong>ab 8. November obligatorisch<\/strong>:<br \/>\nInnengastronomie, Veranstaltung und Feste in Innenr\u00e4umen, den Innenbereich von Kultur- und Freizeiteinrichtungen, den Innenbereich von Clubs, Bars und Diskotheken sowie s\u00e4mtliche Gro\u00dfveranstaltungen.<\/p>\n<p>Die Regelungen des 2G-Optionsmodells gelten in diesem Fall nicht (mehr) \u2013 vielmehr gibt es ein Maskenpflicht abseits des eigenen Platzes, Kontakterfassung sowie Abstandsgebot und sich daraus ergebende Kapazit\u00e4tsbeschr\u00e4nkungen f\u00fcr den Veranstaltungsort bzw. die R\u00e4umlichkeit.<\/p>\n<p>F\u00fcr <strong>Besch\u00e4ftigte<\/strong> in den oben genannten Bereichen greift <strong>keine<\/strong> 2G-Regelung. Sie k\u00f6nnen auch mit medizinischer Mund-Nasen-Bedeckung und einem tagesaktuellen negativen Testnachweis arbeiten.<\/p>\n<p>Die <strong>Altersgrenze<\/strong> f\u00fcr 2G und Kontaktbeschr\u00e4nkungen wird ab Montag <strong>von unter 14 auf unter 16 hochgesetzt<\/strong>. Kinder- und Jugendsport ist demnach weiterhin m\u00f6glich. Tests k\u00f6nnen hierbei den Impf- oder Genesenennachweis bei 2G ersetzen. Schnelltests, die in Schulen durchgef\u00fchrt werden, stellen solche Nachweise da. Wie bisher also m\u00fcsse aber nach der Schule kein extra Nachweis vorgelegt werden.<\/p>\n<p><strong>Mindestabstandsregelungen<\/strong> und <strong>Hygieneauflagen<\/strong> sowie <strong>Kontaktnachverfolgungen<\/strong> bleiben bestehen. In Bus und Bahnen sowie in Taxen soll FFP2-Maskenpflicht gelten. <strong>Sch\u00fcler<\/strong> d\u00fcrfen indes weiterhin OP-Masken tragen im \u00d6PNV. In Schulen bzw. im Unterricht gilt ab Klasse 5 je nach Infektionslage Maskenpflicht.<\/p>\n<p>Weiter versch\u00e4rfende Regelungen tr\u00e4ten mit Erreichen der <strong>\u00dcberlastungsstufe<\/strong> (Grenzwert bez\u00fcglich der mit Covid-19-Patienten belegten Krankenhausbetten). Wird der Wert an drei (statt bisher f\u00fcnf) Tagen infolge \u00fcberschritten, treten die neue Versch\u00e4rfungen in Kraft. Dazu z\u00e4hlen unter anderem <strong>weiterf\u00fchrende<\/strong> Kontaktbeschr\u00e4nkungen (1 Haushalt und eine weitere 1 Person sowie zus\u00e4tzlich Geimpfte, Genesene und Unter-16-J\u00e4hrige).<\/p>\n<p>Die neue <a href=\"https:\/\/www.coronavirus.sachsen.de\/download\/SMS-Saechsische-Corona-Schutz-Verordnung-2021-11-05.pdf\" target=\"_blank\" rel=\"noopener\">Corona-Schutz-Verordnung<\/a> wurde am Sonnabend ver\u00f6ffentlicht<\/p>\n<p>Weiteres dazu:\u00a0<a href=\"https:\/\/www.coronavirus.sachsen.de\/amtliche-bekanntmachungen.html\" target=\"_blank\" rel=\"noopener\">https:\/\/www.coronavirus.sachsen.de\/amtliche-bekanntmachungen.html<\/a><\/p>\n<p>Mehr sp\u00e4ter auch in der <a href=\"https:\/\/kreissportbund.net\/news\/informationen-coronavirus\/\" target=\"_blank\" rel=\"noopener\">Corona-Infosammlung<\/a> des Kreissportbundes.<\/p>\n<p>Autor Steffen Klingbeil KSB SOE<\/p>\n","protected":false},"excerpt":{"rendered":"<p>Sportveranstaltungen \u2013 egal, ob drinnen oder drau\u00dfen \u2013 sind private Zusammenk\u00fcnfte. Das bekr\u00e4ftigte noch einmal die s\u00e4chsische Gesundheitsministerin Petra K\u00f6pping am Freitagnachmittag bei einer Pressekonferenz, auf der Inhalte der ab Montag, dem 8. November, in Kraft tretenden neuen Corona-Schutz-Verordnung erl\u00e4utert &hellip; <a href=\"https:\/\/silberpfeil-pirna.de\/blog\/?p=988\">Weiterlesen <span class=\"meta-nav\">&rarr;<\/span><\/a><\/p>\n","protected":false},"author":1,"featured_media":0,"comment_status":"open","ping_status":"open","sticky":false,"template":"","format":"standard","meta":{"footnotes":""},"categories":[7],"tags":[],"class_list":["post-988","post","type-post","status-publish","format-standard","hentry","category-verein"],"_links":{"self":[{"href":"https:\/\/silberpfeil-pirna.de\/blog\/index.php?rest_route=\/wp\/v2\/posts\/988","targetHints":{"allow":["GET"]}}],"collection":[{"href":"https:\/\/silberpfeil-pirna.de\/blog\/index.php?rest_route=\/wp\/v2\/posts"}],"about":[{"href":"https:\/\/silberpfeil-pirna.de\/blog\/index.php?rest_route=\/wp\/v2\/types\/post"}],"author":[{"embeddable":true,"href":"https:\/\/silberpfeil-pirna.de\/blog\/index.php?rest_route=\/wp\/v2\/users\/1"}],"replies":[{"embeddable":true,"href":"https:\/\/silberpfeil-pirna.de\/blog\/index.php?rest_route=%2Fwp%2Fv2%2Fcomments&post=988"}],"version-history":[{"count":2,"href":"https:\/\/silberpfeil-pirna.de\/blog\/index.php?rest_route=\/wp\/v2\/posts\/988\/revisions"}],"predecessor-version":[{"id":993,"href":"https:\/\/silberpfeil-pirna.de\/blog\/index.php?rest_route=\/wp\/v2\/posts\/988\/revisions\/993"}],"wp:attachment":[{"href":"https:\/\/silberpfeil-pirna.de\/blog\/index.php?rest_route=%2Fwp%2Fv2%2Fmedia&parent=988"}],"wp:term":[{"taxonomy":"category","embeddable":true,"href":"https:\/\/silberpfeil-pirna.de\/blog\/index.php?rest_route=%2Fwp%2Fv2%2Fcategories&post=988"},{"taxonomy":"post_tag","embeddable":true,"href":"https:\/\/silberpfeil-pirna.de\/blog\/index.php?rest_route=%2Fwp%2Fv2%2Ftags&post=988"}],"curies":[{"name":"wp","href":"https:\/\/api.w.org\/{rel}","templated":true}]}}